{"id":10315,"date":"2024-11-02T21:53:20","date_gmt":"2024-11-02T20:53:20","guid":{"rendered":"https:\/\/www.event-fotos.net\/Wordpress\/?p=10315"},"modified":"2025-07-30T20:52:17","modified_gmt":"2025-07-30T18:52:17","slug":"herbstleuchten","status":"publish","type":"post","link":"https:\/\/www.event-fotos.net\/Wordpress\/herbstleuchten","title":{"rendered":"Herbstleuchten"},"content":{"rendered":"<div class=\"wp-block-image\">\n<figure class=\"aligncenter size-medium\"><a href=\"https:\/\/www.event-fotos.net\/Wordpress\/pgc_simply_gallery\/herbstleuchten-hamm-2024\" target=\"_blank\" rel=\"noreferrer noopener\"><img loading=\"lazy\" decoding=\"async\" width=\"300\" height=\"225\" src=\"https:\/\/www.event-fotos.net\/Wordpress\/wp-content\/uploads\/2024\/11\/20241102_215030-1-300x225.jpg\" alt=\"\" class=\"wp-image-10316\" srcset=\"https:\/\/www.event-fotos.net\/Wordpress\/wp-content\/uploads\/2024\/11\/20241102_215030-1-300x225.jpg 300w, https:\/\/www.event-fotos.net\/Wordpress\/wp-content\/uploads\/2024\/11\/20241102_215030-1-768x576.jpg 768w, https:\/\/www.event-fotos.net\/Wordpress\/wp-content\/uploads\/2024\/11\/20241102_215030-1.jpg 1000w\" sizes=\"auto, (max-width: 300px) 100vw, 300px\" \/><\/a><\/figure>\n<\/div>\n\n\n<p class=\"has-text-align-center\"><strong><a href=\"https:\/\/www.event-fotos.net\/Wordpress\/pgc_simply_gallery\/herbstleuchten-hamm-2024\" target=\"_blank\" rel=\"noreferrer noopener\">(zur Galerie bitte aufs Bild klicken)<\/a><\/strong><\/p>\n\n\n\n<p>Hamm, 02.11.2024<\/p>\n\n\n\n<p>Im Westf\u00e4lischen Hamm fand im Oktober 2024 bereits zum 16.Mal das &#8222;Herbstleuchten&#8220; statt. Der komplette Maximilian-Park, nebst dem Wahrzeichen &#8222;gl\u00e4serner Elefant&#8220;, wurden bunt illuminiert. \u00dcber 90.000 Besucher sorgten f\u00fcr einen neuen Rekord f\u00fcr das beliebte Farbspektakel. <\/p>\n","protected":false},"excerpt":{"rendered":"<p>(zur Galerie bitte aufs Bild klicken) Hamm, 02.11.2024 Im Westf\u00e4lischen Hamm fand im Oktober 2024 bereits zum 16.Mal das &#8222;Herbstleuchten&#8220; statt. Der komplette Maximilian-Park, nebst dem Wahrzeichen &#8222;gl\u00e4serner Elefant&#8220;, wurden bunt illuminiert. \u00dcber 90.000 Besucher sorgten f\u00fcr einen neuen Rekord f\u00fcr das beliebte Farbspektakel.<\/p>\n","protected":false},"author":1,"featured_media":0,"comment_status":"closed","ping_status":"open","sticky":false,"template":"","format":"standard","meta":{"_monsterinsights_skip_tracking":false,"_monsterinsights_sitenote_active":false,"_monsterinsights_sitenote_note":"","_monsterinsights_sitenote_category":0,"pgc_sgb_lightbox_settings":"","footnotes":""},"categories":[9],"tags":[],"class_list":["post-10315","post","type-post","status-publish","format-standard","hentry","category-ausstellungen-parks"],"_links":{"self":[{"href":"https:\/\/www.event-fotos.net\/Wordpress\/wp-json\/wp\/v2\/posts\/10315","targetHints":{"allow":["GET"]}}],"collection":[{"href":"https:\/\/www.event-fotos.net\/Wordpress\/wp-json\/wp\/v2\/posts"}],"about":[{"href":"https:\/\/www.event-fotos.net\/Wordpress\/wp-json\/wp\/v2\/types\/post"}],"author":[{"embeddable":true,"href":"https:\/\/www.event-fotos.net\/Wordpress\/wp-json\/wp\/v2\/users\/1"}],"replies":[{"embeddable":true,"href":"https:\/\/www.event-fotos.net\/Wordpress\/wp-json\/wp\/v2\/comments?post=10315"}],"version-history":[{"count":3,"href":"https:\/\/www.event-fotos.net\/Wordpress\/wp-json\/wp\/v2\/posts\/10315\/revisions"}],"predecessor-version":[{"id":11274,"href":"https:\/\/www.event-fotos.net\/Wordpress\/wp-json\/wp\/v2\/posts\/10315\/revisions\/11274"}],"wp:attachment":[{"href":"https:\/\/www.event-fotos.net\/Wordpress\/wp-json\/wp\/v2\/media?parent=10315"}],"wp:term":[{"taxonomy":"category","embeddable":true,"href":"https:\/\/www.event-fotos.net\/Wordpress\/wp-json\/wp\/v2\/categories?post=10315"},{"taxonomy":"post_tag","embeddable":true,"href":"https:\/\/www.event-fotos.net\/Wordpress\/wp-json\/wp\/v2\/tags?post=10315"}],"curies":[{"name":"wp","href":"https:\/\/api.w.org\/{rel}","templated":true}]}}