{"id":12631,"date":"2026-08-21T21:37:52","date_gmt":"2026-08-21T19:37:52","guid":{"rendered":"https:\/\/www.event-fotos.net\/Wordpress\/?p=12631"},"modified":"2026-08-30T21:43:04","modified_gmt":"2026-08-30T19:43:04","slug":"sightseeing-mainz","status":"publish","type":"post","link":"https:\/\/www.event-fotos.net\/Wordpress\/sightseeing-mainz","title":{"rendered":"Sightseeing Mainz"},"content":{"rendered":"<div class=\"wp-block-image\">\n<figure class=\"aligncenter size-medium\"><a href=\"https:\/\/www.event-fotos.net\/Wordpress\/pgc_simply_gallery\/sightseeing-mainz-2026\" target=\"_blank\" rel=\" noopener\"><img loading=\"lazy\" decoding=\"async\" width=\"300\" height=\"203\" src=\"https:\/\/www.event-fotos.net\/Wordpress\/wp-content\/uploads\/2026\/08\/20260819_195231-1-300x203.jpg\" alt=\"\" class=\"wp-image-12632\" srcset=\"https:\/\/www.event-fotos.net\/Wordpress\/wp-content\/uploads\/2026\/08\/20260819_195231-1-300x203.jpg 300w, https:\/\/www.event-fotos.net\/Wordpress\/wp-content\/uploads\/2026\/08\/20260819_195231-1-767x518.jpg 767w, https:\/\/www.event-fotos.net\/Wordpress\/wp-content\/uploads\/2026\/08\/20260819_195231-1.jpg 1000w\" sizes=\"auto, (max-width: 300px) 100vw, 300px\" \/><\/a><\/figure>\n<\/div>\n\n\n<p class=\"has-text-align-center wp-block-paragraph\"><strong><a href=\"https:\/\/www.event-fotos.net\/Wordpress\/pgc_simply_gallery\/sightseeing-mainz-2026\" target=\"_blank\" rel=\"noopener\">(zur Galerie bitte aufs Bild klicken)<\/a><\/strong><\/p>\n\n\n\n<p class=\"wp-block-paragraph\">Mainz, 21.08.2026<\/p>\n\n\n\n<p class=\"wp-block-paragraph\">Mainz, die Landeshauptstadt von Rheinland-Pfalz, liegt am Rhein direkt gegen\u00fcber der Landeshauptstadt von Hessen, Wiesbaden. Mit rund 220.000 Einwohnern ist sie die gr\u00f6\u00dfte Stadt in Rheinland-Pfalz. Zudem ist sie neben K\u00f6ln eine der 2 Hochburgen des Deutschen Karnevals (Fasnacht) und Heimat des TV Senders ZDF (Zweites Deutsches Fernsehen).<\/p>\n\n\n\n<p class=\"wp-block-paragraph\"><\/p>\n","protected":false},"excerpt":{"rendered":"<p>(zur Galerie bitte aufs Bild klicken) Mainz, 21.08.2026 Mainz, die Landeshauptstadt von Rheinland-Pfalz, liegt am Rhein direkt gegen\u00fcber der Landeshauptstadt von Hessen, Wiesbaden. Mit rund 220.000 Einwohnern ist sie die gr\u00f6\u00dfte Stadt in Rheinland-Pfalz. Zudem ist sie neben K\u00f6ln eine der 2 Hochburgen des Deutschen Karnevals (Fasnacht) und Heimat des TV Senders ZDF (Zweites Deutsches [&hellip;]<\/p>\n","protected":false},"author":1,"featured_media":0,"comment_status":"closed","ping_status":"open","sticky":false,"template":"","format":"standard","meta":{"_monsterinsights_skip_tracking":false,"pgc_sgb_lightbox_settings":"","footnotes":""},"categories":[5],"tags":[],"class_list":["post-12631","post","type-post","status-publish","format-standard","hentry","category-staedte-reisen"],"_links":{"self":[{"href":"https:\/\/www.event-fotos.net\/Wordpress\/wp-json\/wp\/v2\/posts\/12631","targetHints":{"allow":["GET"]}}],"collection":[{"href":"https:\/\/www.event-fotos.net\/Wordpress\/wp-json\/wp\/v2\/posts"}],"about":[{"href":"https:\/\/www.event-fotos.net\/Wordpress\/wp-json\/wp\/v2\/types\/post"}],"author":[{"embeddable":true,"href":"https:\/\/www.event-fotos.net\/Wordpress\/wp-json\/wp\/v2\/users\/1"}],"replies":[{"embeddable":true,"href":"https:\/\/www.event-fotos.net\/Wordpress\/wp-json\/wp\/v2\/comments?post=12631"}],"version-history":[{"count":2,"href":"https:\/\/www.event-fotos.net\/Wordpress\/wp-json\/wp\/v2\/posts\/12631\/revisions"}],"predecessor-version":[{"id":12634,"href":"https:\/\/www.event-fotos.net\/Wordpress\/wp-json\/wp\/v2\/posts\/12631\/revisions\/12634"}],"wp:attachment":[{"href":"https:\/\/www.event-fotos.net\/Wordpress\/wp-json\/wp\/v2\/media?parent=12631"}],"wp:term":[{"taxonomy":"category","embeddable":true,"href":"https:\/\/www.event-fotos.net\/Wordpress\/wp-json\/wp\/v2\/categories?post=12631"},{"taxonomy":"post_tag","embeddable":true,"href":"https:\/\/www.event-fotos.net\/Wordpress\/wp-json\/wp\/v2\/tags?post=12631"}],"curies":[{"name":"wp","href":"https:\/\/api.w.org\/{rel}","templated":true}]}}