{"id":1448,"date":"2018-01-13T23:38:00","date_gmt":"2018-01-13T22:38:00","guid":{"rendered":"http:\/\/www.event-fotos.net\/Wordpress\/?p=1448"},"modified":"2025-07-27T14:53:11","modified_gmt":"2025-07-27T12:53:11","slug":"winterleuchten-2018","status":"publish","type":"post","link":"https:\/\/www.event-fotos.net\/Wordpress\/winterleuchten-2018","title":{"rendered":"Winterleuchten 2018"},"content":{"rendered":"<div class=\"wp-block-image\">\n<figure class=\"aligncenter\"><a href=\"https:\/\/www.event-fotos.net\/Wordpress\/pgc_simply_gallery\/winterleuchten-dortmund-2018\" target=\"_blank\" rel=\"noreferrer noopener\"><img loading=\"lazy\" decoding=\"async\" width=\"300\" height=\"221\" src=\"https:\/\/www.event-fotos.net\/Wordpress\/wp-content\/uploads\/2018\/01\/01-300x221.jpg\" alt=\"\" class=\"wp-image-1449\" srcset=\"https:\/\/www.event-fotos.net\/Wordpress\/wp-content\/uploads\/2018\/01\/01-300x221.jpg 300w, https:\/\/www.event-fotos.net\/Wordpress\/wp-content\/uploads\/2018\/01\/01-768x566.jpg 768w, https:\/\/www.event-fotos.net\/Wordpress\/wp-content\/uploads\/2018\/01\/01.jpg 800w\" sizes=\"auto, (max-width: 300px) 100vw, 300px\" \/><\/a><\/figure>\n<\/div>\n\n\n<p class=\"has-text-align-center wp-block-paragraph\"><a href=\"https:\/\/www.event-fotos.net\/Wordpress\/pgc_simply_gallery\/winterleuchten-dortmund-2018\" target=\"_blank\" rel=\"noreferrer noopener\">(Zur Galerie bitte aufs Bild klicken)<\/a><\/p>\n\n\n\n<p class=\"wp-block-paragraph\">Dortmund, 13.01.2018<\/p>\n\n\n\n<p class=\"wp-block-paragraph\">Im Dortmunder Westfalenpark fand zum 13.Mal das Winterleuchten von &#8222;World of Lights&#8220; statt. Bunt illuminierte Objekte und B\u00e4ume sorgten f\u00fcr eine tolle Stimmung. Zum Abschluss der 5-w\u00f6chigen Veranstaltung gab es noch ein 20-min\u00fctiges Brilliant-Feuerwerk.<\/p>\n\n\n\n<p class=\"wp-block-paragraph\"><\/p>\n","protected":false},"excerpt":{"rendered":"<p>(Zur Galerie bitte aufs Bild klicken) Dortmund, 13.01.2018 Im Dortmunder Westfalenpark fand zum 13.Mal das Winterleuchten von &#8222;World of Lights&#8220; statt. Bunt illuminierte Objekte und B\u00e4ume sorgten f\u00fcr eine tolle Stimmung. Zum Abschluss der 5-w\u00f6chigen Veranstaltung gab es noch ein 20-min\u00fctiges Brilliant-Feuerwerk.<\/p>\n","protected":false},"author":1,"featured_media":0,"comment_status":"closed","ping_status":"open","sticky":false,"template":"","format":"standard","meta":{"_monsterinsights_skip_tracking":false,"pgc_sgb_lightbox_settings":"","footnotes":""},"categories":[9],"tags":[],"class_list":["post-1448","post","type-post","status-publish","format-standard","hentry","category-ausstellungen-parks"],"_links":{"self":[{"href":"https:\/\/www.event-fotos.net\/Wordpress\/wp-json\/wp\/v2\/posts\/1448","targetHints":{"allow":["GET"]}}],"collection":[{"href":"https:\/\/www.event-fotos.net\/Wordpress\/wp-json\/wp\/v2\/posts"}],"about":[{"href":"https:\/\/www.event-fotos.net\/Wordpress\/wp-json\/wp\/v2\/types\/post"}],"author":[{"embeddable":true,"href":"https:\/\/www.event-fotos.net\/Wordpress\/wp-json\/wp\/v2\/users\/1"}],"replies":[{"embeddable":true,"href":"https:\/\/www.event-fotos.net\/Wordpress\/wp-json\/wp\/v2\/comments?post=1448"}],"version-history":[{"count":7,"href":"https:\/\/www.event-fotos.net\/Wordpress\/wp-json\/wp\/v2\/posts\/1448\/revisions"}],"predecessor-version":[{"id":8023,"href":"https:\/\/www.event-fotos.net\/Wordpress\/wp-json\/wp\/v2\/posts\/1448\/revisions\/8023"}],"wp:attachment":[{"href":"https:\/\/www.event-fotos.net\/Wordpress\/wp-json\/wp\/v2\/media?parent=1448"}],"wp:term":[{"taxonomy":"category","embeddable":true,"href":"https:\/\/www.event-fotos.net\/Wordpress\/wp-json\/wp\/v2\/categories?post=1448"},{"taxonomy":"post_tag","embeddable":true,"href":"https:\/\/www.event-fotos.net\/Wordpress\/wp-json\/wp\/v2\/tags?post=1448"}],"curies":[{"name":"wp","href":"https:\/\/api.w.org\/{rel}","templated":true}]}}