{"id":1765,"date":"2020-08-05T23:28:11","date_gmt":"2020-08-05T21:28:11","guid":{"rendered":"http:\/\/www.event-fotos.net\/Wordpress\/?p=1765"},"modified":"2025-07-25T14:12:04","modified_gmt":"2025-07-25T12:12:04","slug":"alsfeld-marburg","status":"publish","type":"post","link":"https:\/\/www.event-fotos.net\/Wordpress\/alsfeld-marburg","title":{"rendered":"Alsfeld \/ Marburg"},"content":{"rendered":"<div class=\"wp-block-image\">\n<figure class=\"aligncenter size-medium\"><a href=\"https:\/\/www.event-fotos.net\/Wordpress\/pgc_simply_gallery\/sightseeing-alsfeld-marburg-2020\" target=\"_blank\" rel=\"noreferrer noopener\"><img loading=\"lazy\" decoding=\"async\" width=\"300\" height=\"200\" src=\"https:\/\/www.event-fotos.net\/Wordpress\/wp-content\/uploads\/2020\/09\/03-300x200.jpg\" alt=\"\" class=\"wp-image-1766\" srcset=\"https:\/\/www.event-fotos.net\/Wordpress\/wp-content\/uploads\/2020\/09\/03-300x200.jpg 300w, https:\/\/www.event-fotos.net\/Wordpress\/wp-content\/uploads\/2020\/09\/03-768x512.jpg 768w, https:\/\/www.event-fotos.net\/Wordpress\/wp-content\/uploads\/2020\/09\/03.jpg 800w\" sizes=\"auto, (max-width: 300px) 100vw, 300px\" \/><\/a><\/figure>\n<\/div>\n\n\n<p class=\"has-text-align-center\"><strong><a href=\"https:\/\/www.event-fotos.net\/Wordpress\/pgc_simply_gallery\/sightseeing-alsfeld-marburg-2020\" data-type=\"link\" data-id=\"https:\/\/www.event-fotos.net\/Wordpress\/pgc_simply_gallery\/sightseeing-alsfeld-marburg-2020\" target=\"_blank\" rel=\"noreferrer noopener\">(zur Galerie bitte aufs Bild klicken)<\/a><\/strong><\/p>\n\n\n\n<p>Alsfeld \/ Marburg, 05.08.2020<\/p>\n\n\n\n<p>Alsfeld liegt im Nordteil des Vogelsbergkreises in Hessen am S\u00fcdwestrand des&nbsp;Kn\u00fcllgebirge und Marburg liegt in&nbsp;Mittelhessen, etwa in der Mitte zwischen&nbsp;Frankfurt am Main&nbsp;und&nbsp;Kassel. Beide St\u00e4dte haben ein sehr sch\u00f6nes Altstadtflair mit vielen Fachwerkh\u00e4usern. In Marburg verbindet ein Fahrstuhl die Unter- mit der Oberstadt. <\/p>\n\n\n\n<p><\/p>\n","protected":false},"excerpt":{"rendered":"<p>(zur Galerie bitte aufs Bild klicken) Alsfeld \/ Marburg, 05.08.2020 Alsfeld liegt im Nordteil des Vogelsbergkreises in Hessen am S\u00fcdwestrand des&nbsp;Kn\u00fcllgebirge und Marburg liegt in&nbsp;Mittelhessen, etwa in der Mitte zwischen&nbsp;Frankfurt am Main&nbsp;und&nbsp;Kassel. Beide St\u00e4dte haben ein sehr sch\u00f6nes Altstadtflair mit vielen Fachwerkh\u00e4usern. In Marburg verbindet ein Fahrstuhl die Unter- mit der Oberstadt.<\/p>\n","protected":false},"author":1,"featured_media":0,"comment_status":"closed","ping_status":"open","sticky":false,"template":"","format":"standard","meta":{"_monsterinsights_skip_tracking":false,"_monsterinsights_sitenote_active":false,"_monsterinsights_sitenote_note":"","_monsterinsights_sitenote_category":0,"pgc_sgb_lightbox_settings":"","footnotes":""},"categories":[5],"tags":[],"class_list":["post-1765","post","type-post","status-publish","format-standard","hentry","category-staedte-reisen"],"_links":{"self":[{"href":"https:\/\/www.event-fotos.net\/Wordpress\/wp-json\/wp\/v2\/posts\/1765","targetHints":{"allow":["GET"]}}],"collection":[{"href":"https:\/\/www.event-fotos.net\/Wordpress\/wp-json\/wp\/v2\/posts"}],"about":[{"href":"https:\/\/www.event-fotos.net\/Wordpress\/wp-json\/wp\/v2\/types\/post"}],"author":[{"embeddable":true,"href":"https:\/\/www.event-fotos.net\/Wordpress\/wp-json\/wp\/v2\/users\/1"}],"replies":[{"embeddable":true,"href":"https:\/\/www.event-fotos.net\/Wordpress\/wp-json\/wp\/v2\/comments?post=1765"}],"version-history":[{"count":5,"href":"https:\/\/www.event-fotos.net\/Wordpress\/wp-json\/wp\/v2\/posts\/1765\/revisions"}],"predecessor-version":[{"id":10384,"href":"https:\/\/www.event-fotos.net\/Wordpress\/wp-json\/wp\/v2\/posts\/1765\/revisions\/10384"}],"wp:attachment":[{"href":"https:\/\/www.event-fotos.net\/Wordpress\/wp-json\/wp\/v2\/media?parent=1765"}],"wp:term":[{"taxonomy":"category","embeddable":true,"href":"https:\/\/www.event-fotos.net\/Wordpress\/wp-json\/wp\/v2\/categories?post=1765"},{"taxonomy":"post_tag","embeddable":true,"href":"https:\/\/www.event-fotos.net\/Wordpress\/wp-json\/wp\/v2\/tags?post=1765"}],"curies":[{"name":"wp","href":"https:\/\/api.w.org\/{rel}","templated":true}]}}