{"id":431,"date":"2009-08-30T17:59:55","date_gmt":"2009-08-30T15:59:55","guid":{"rendered":"http:\/\/www.event-fotos.net\/Wordpress\/?p=431"},"modified":"2025-07-27T14:55:39","modified_gmt":"2025-07-27T12:55:39","slug":"weltpremiere-wickie","status":"publish","type":"post","link":"https:\/\/www.event-fotos.net\/Wordpress\/weltpremiere-wickie","title":{"rendered":"Weltpremiere &#8222;Wickie&#8220;"},"content":{"rendered":"<div class=\"wp-block-image\">\n<figure class=\"aligncenter\"><a href=\"https:\/\/www.event-fotos.net\/Wordpress\/pgc_simply_gallery\/weltpremiere-wickie-muenchen-2009\" target=\"_blank\" rel=\"noreferrer noopener\"><img loading=\"lazy\" decoding=\"async\" width=\"300\" height=\"197\" src=\"https:\/\/www.event-fotos.net\/Wordpress\/wp-content\/uploads\/2013\/08\/Img_4806-300x197.jpg\" alt=\"Img_4806\" class=\"wp-image-432\" srcset=\"https:\/\/www.event-fotos.net\/Wordpress\/wp-content\/uploads\/2013\/08\/Img_4806-300x197.jpg 300w, https:\/\/www.event-fotos.net\/Wordpress\/wp-content\/uploads\/2013\/08\/Img_4806-1024x675.jpg 1024w, https:\/\/www.event-fotos.net\/Wordpress\/wp-content\/uploads\/2013\/08\/Img_4806.jpg 1800w\" sizes=\"auto, (max-width: 300px) 100vw, 300px\" \/><\/a><\/figure>\n<\/div>\n\n\n<p class=\"has-text-align-center\"><strong><a href=\"https:\/\/www.event-fotos.net\/Wordpress\/pgc_simply_gallery\/weltpremiere-wickie-muenchen-2009\" target=\"_blank\" rel=\"noreferrer noopener\">(zur Galerie bitte aufs Bild klicken)<\/a><\/strong><\/p>\n\n\n\n<p>M\u00fcnchen, 30.08.2009<\/p>\n\n\n\n<p>In den M\u00fcnchener &#8222;Math\u00e4ser&#8220;-Kinos fand die Weltpremiere von Michael &#8222;Bully&#8220; Herbigs Film &#8222;Wickie&#8220; statt. Viel Prominenz lief \u00fcber den roten Teppich. Neben den Darstellern des Films konnte man auch u.a. Paul Breitner, Joachim Fuchsberger, Wigald Boning, Jens Lehmann, Hannah Herzsprung und Nora Tschirner \u00fcber den Teppich schlendern sehen.<\/p>\n\n\n\n<p><\/p>\n","protected":false},"excerpt":{"rendered":"<p>(zur Galerie bitte aufs Bild klicken) M\u00fcnchen, 30.08.2009 In den M\u00fcnchener &#8222;Math\u00e4ser&#8220;-Kinos fand die Weltpremiere von Michael &#8222;Bully&#8220; Herbigs Film &#8222;Wickie&#8220; statt. Viel Prominenz lief \u00fcber den roten Teppich. Neben den Darstellern des Films konnte man auch u.a. Paul Breitner, Joachim Fuchsberger, Wigald Boning, Jens Lehmann, Hannah Herzsprung und Nora Tschirner \u00fcber den Teppich schlendern [&hellip;]<\/p>\n","protected":false},"author":1,"featured_media":0,"comment_status":"closed","ping_status":"open","sticky":false,"template":"","format":"standard","meta":{"_monsterinsights_skip_tracking":false,"_monsterinsights_sitenote_active":false,"_monsterinsights_sitenote_note":"","_monsterinsights_sitenote_category":0,"pgc_sgb_lightbox_settings":"","footnotes":""},"categories":[2],"tags":[],"class_list":["post-431","post","type-post","status-publish","format-standard","hentry","category-veranstaltungen"],"_links":{"self":[{"href":"https:\/\/www.event-fotos.net\/Wordpress\/wp-json\/wp\/v2\/posts\/431","targetHints":{"allow":["GET"]}}],"collection":[{"href":"https:\/\/www.event-fotos.net\/Wordpress\/wp-json\/wp\/v2\/posts"}],"about":[{"href":"https:\/\/www.event-fotos.net\/Wordpress\/wp-json\/wp\/v2\/types\/post"}],"author":[{"embeddable":true,"href":"https:\/\/www.event-fotos.net\/Wordpress\/wp-json\/wp\/v2\/users\/1"}],"replies":[{"embeddable":true,"href":"https:\/\/www.event-fotos.net\/Wordpress\/wp-json\/wp\/v2\/comments?post=431"}],"version-history":[{"count":3,"href":"https:\/\/www.event-fotos.net\/Wordpress\/wp-json\/wp\/v2\/posts\/431\/revisions"}],"predecessor-version":[{"id":2755,"href":"https:\/\/www.event-fotos.net\/Wordpress\/wp-json\/wp\/v2\/posts\/431\/revisions\/2755"}],"wp:attachment":[{"href":"https:\/\/www.event-fotos.net\/Wordpress\/wp-json\/wp\/v2\/media?parent=431"}],"wp:term":[{"taxonomy":"category","embeddable":true,"href":"https:\/\/www.event-fotos.net\/Wordpress\/wp-json\/wp\/v2\/categories?post=431"},{"taxonomy":"post_tag","embeddable":true,"href":"https:\/\/www.event-fotos.net\/Wordpress\/wp-json\/wp\/v2\/tags?post=431"}],"curies":[{"name":"wp","href":"https:\/\/api.w.org\/{rel}","templated":true}]}}