{"id":444,"date":"2010-03-07T19:23:28","date_gmt":"2010-03-07T18:23:28","guid":{"rendered":"http:\/\/www.event-fotos.net\/Wordpress\/?p=444"},"modified":"2025-07-27T14:55:52","modified_gmt":"2025-07-27T12:55:52","slug":"weltpremiere-teufelskicker","status":"publish","type":"post","link":"https:\/\/www.event-fotos.net\/Wordpress\/weltpremiere-teufelskicker","title":{"rendered":"Weltpremiere &#8222;Teufelskicker&#8220;"},"content":{"rendered":"<div class=\"wp-block-image\">\n<figure class=\"aligncenter\"><a href=\"https:\/\/www.event-fotos.net\/Wordpress\/pgc_simply_gallery\/weltpremiere-teufelskicker-koeln-2010\" target=\"_blank\" rel=\"noreferrer noopener\"><img loading=\"lazy\" decoding=\"async\" width=\"300\" height=\"193\" src=\"https:\/\/www.event-fotos.net\/Wordpress\/wp-content\/uploads\/2013\/08\/16-300x193.jpg\" alt=\"16\" class=\"wp-image-445\" srcset=\"https:\/\/www.event-fotos.net\/Wordpress\/wp-content\/uploads\/2013\/08\/16-300x193.jpg 300w, https:\/\/www.event-fotos.net\/Wordpress\/wp-content\/uploads\/2013\/08\/16-1024x660.jpg 1024w, https:\/\/www.event-fotos.net\/Wordpress\/wp-content\/uploads\/2013\/08\/16.jpg 1500w\" sizes=\"auto, (max-width: 300px) 100vw, 300px\" \/><\/a><\/figure>\n<\/div>\n\n\n<p class=\"has-text-align-center\"><strong><a href=\"https:\/\/www.event-fotos.net\/Wordpress\/pgc_simply_gallery\/weltpremiere-teufelskicker-koeln-2010\" target=\"_blank\" rel=\"noreferrer noopener\">(zur Galerie bitte aufs Bild klicken)<\/a><\/strong><\/p>\n\n\n\n<p>K\u00f6ln, 07.03.2010<\/p>\n\n\n\n<p>Nachdem die drei Jungs der Band &#8222;Apollo 3&#8220; im letzten Jahr den Titelsong zum Film &#8222;Vorstadtkrokodile&#8220; gesungen haben, standen nun Dario Flick, \u00a0Marvin Schlatter und\u00a0 Henry Horn selbst vor der Kamera. Der Film &#8222;Teufelskicker&#8220; feierte im K\u00f6lner Cinedom Premiere und statt eines roten Teppichs liefen Prominente, wie Marie-Luise Marjan, S\u00f6nke Wortmann und Barbara Eligmann \u00fcber einen &#8222;gr\u00fcnen Rasen&#8220;.<\/p>\n\n\n\n<p><\/p>\n","protected":false},"excerpt":{"rendered":"<p>(zur Galerie bitte aufs Bild klicken) K\u00f6ln, 07.03.2010 Nachdem die drei Jungs der Band &#8222;Apollo 3&#8220; im letzten Jahr den Titelsong zum Film &#8222;Vorstadtkrokodile&#8220; gesungen haben, standen nun Dario Flick, \u00a0Marvin Schlatter und\u00a0 Henry Horn selbst vor der Kamera. Der Film &#8222;Teufelskicker&#8220; feierte im K\u00f6lner Cinedom Premiere und statt eines roten Teppichs liefen Prominente, wie [&hellip;]<\/p>\n","protected":false},"author":1,"featured_media":0,"comment_status":"closed","ping_status":"open","sticky":false,"template":"","format":"standard","meta":{"_monsterinsights_skip_tracking":false,"_monsterinsights_sitenote_active":false,"_monsterinsights_sitenote_note":"","_monsterinsights_sitenote_category":0,"pgc_sgb_lightbox_settings":"","footnotes":""},"categories":[2],"tags":[],"class_list":["post-444","post","type-post","status-publish","format-standard","hentry","category-veranstaltungen"],"_links":{"self":[{"href":"https:\/\/www.event-fotos.net\/Wordpress\/wp-json\/wp\/v2\/posts\/444","targetHints":{"allow":["GET"]}}],"collection":[{"href":"https:\/\/www.event-fotos.net\/Wordpress\/wp-json\/wp\/v2\/posts"}],"about":[{"href":"https:\/\/www.event-fotos.net\/Wordpress\/wp-json\/wp\/v2\/types\/post"}],"author":[{"embeddable":true,"href":"https:\/\/www.event-fotos.net\/Wordpress\/wp-json\/wp\/v2\/users\/1"}],"replies":[{"embeddable":true,"href":"https:\/\/www.event-fotos.net\/Wordpress\/wp-json\/wp\/v2\/comments?post=444"}],"version-history":[{"count":3,"href":"https:\/\/www.event-fotos.net\/Wordpress\/wp-json\/wp\/v2\/posts\/444\/revisions"}],"predecessor-version":[{"id":2863,"href":"https:\/\/www.event-fotos.net\/Wordpress\/wp-json\/wp\/v2\/posts\/444\/revisions\/2863"}],"wp:attachment":[{"href":"https:\/\/www.event-fotos.net\/Wordpress\/wp-json\/wp\/v2\/media?parent=444"}],"wp:term":[{"taxonomy":"category","embeddable":true,"href":"https:\/\/www.event-fotos.net\/Wordpress\/wp-json\/wp\/v2\/categories?post=444"},{"taxonomy":"post_tag","embeddable":true,"href":"https:\/\/www.event-fotos.net\/Wordpress\/wp-json\/wp\/v2\/tags?post=444"}],"curies":[{"name":"wp","href":"https:\/\/api.w.org\/{rel}","templated":true}]}}