{"id":87,"date":"2013-01-27T18:15:43","date_gmt":"2013-01-27T17:15:43","guid":{"rendered":"http:\/\/www.event-fotos.net\/Wordpress\/?p=87"},"modified":"2025-07-27T14:58:31","modified_gmt":"2025-07-27T12:58:31","slug":"27-01-2013-weltpremiere-fuenf-freunde-2-muenchen","status":"publish","type":"post","link":"https:\/\/www.event-fotos.net\/Wordpress\/27-01-2013-weltpremiere-fuenf-freunde-2-muenchen","title":{"rendered":"Weltpremiere &#8222;F\u00fcnf Freunde 2&#8220;"},"content":{"rendered":"<div class=\"wp-block-image\">\n<figure class=\"aligncenter\"><a href=\"https:\/\/www.event-fotos.net\/Wordpress\/pgc_simply_gallery\/weltpremiere-fuenf-freunde-2-muenchen-2013\" target=\"_blank\" rel=\"noreferrer noopener\"><img loading=\"lazy\" decoding=\"async\" width=\"300\" height=\"187\" src=\"https:\/\/www.event-fotos.net\/Wordpress\/wp-content\/uploads\/2013\/08\/12-300x187.jpg\" alt=\"12\" class=\"wp-image-88\" srcset=\"https:\/\/www.event-fotos.net\/Wordpress\/wp-content\/uploads\/2013\/08\/12-300x187.jpg 300w, https:\/\/www.event-fotos.net\/Wordpress\/wp-content\/uploads\/2013\/08\/12.jpg 800w\" sizes=\"auto, (max-width: 300px) 100vw, 300px\" \/><\/a><\/figure>\n<\/div>\n\n\n<p class=\"has-text-align-center\"><strong><a href=\"https:\/\/www.event-fotos.net\/Wordpress\/pgc_simply_gallery\/weltpremiere-fuenf-freunde-2-muenchen-2013\" target=\"_blank\" rel=\"noreferrer noopener\">(Zur Galerie bitte aufs Bild klicken)<\/a><\/strong><\/p>\n\n\n\n<p>M\u00fcnchen, 27.01.2013<\/p>\n\n\n\n<p>Im M\u00fcnchener Cinemaxx am Isartor fand die Weltpremiere des Abenteuerfilms &#8222;F\u00fcnf Freunde 2&#8220; statt. Neben den Hauptdarstellern des Films liefen auch u.a. Nina Ruge und Matthias Sammler \u00fcber den roten Teppich.<\/p>\n\n\n\n<p><\/p>\n\n\n\n<p class=\"has-text-align-left\">&nbsp;<\/p>\n","protected":false},"excerpt":{"rendered":"<p>(Zur Galerie bitte aufs Bild klicken) M\u00fcnchen, 27.01.2013 Im M\u00fcnchener Cinemaxx am Isartor fand die Weltpremiere des Abenteuerfilms &#8222;F\u00fcnf Freunde 2&#8220; statt. Neben den Hauptdarstellern des Films liefen auch u.a. Nina Ruge und Matthias Sammler \u00fcber den roten Teppich. &nbsp;<\/p>\n","protected":false},"author":1,"featured_media":0,"comment_status":"closed","ping_status":"open","sticky":false,"template":"","format":"standard","meta":{"_monsterinsights_skip_tracking":false,"_monsterinsights_sitenote_active":false,"_monsterinsights_sitenote_note":"","_monsterinsights_sitenote_category":0,"pgc_sgb_lightbox_settings":"","footnotes":""},"categories":[2],"tags":[],"class_list":["post-87","post","type-post","status-publish","format-standard","hentry","category-veranstaltungen"],"_links":{"self":[{"href":"https:\/\/www.event-fotos.net\/Wordpress\/wp-json\/wp\/v2\/posts\/87","targetHints":{"allow":["GET"]}}],"collection":[{"href":"https:\/\/www.event-fotos.net\/Wordpress\/wp-json\/wp\/v2\/posts"}],"about":[{"href":"https:\/\/www.event-fotos.net\/Wordpress\/wp-json\/wp\/v2\/types\/post"}],"author":[{"embeddable":true,"href":"https:\/\/www.event-fotos.net\/Wordpress\/wp-json\/wp\/v2\/users\/1"}],"replies":[{"embeddable":true,"href":"https:\/\/www.event-fotos.net\/Wordpress\/wp-json\/wp\/v2\/comments?post=87"}],"version-history":[{"count":8,"href":"https:\/\/www.event-fotos.net\/Wordpress\/wp-json\/wp\/v2\/posts\/87\/revisions"}],"predecessor-version":[{"id":11438,"href":"https:\/\/www.event-fotos.net\/Wordpress\/wp-json\/wp\/v2\/posts\/87\/revisions\/11438"}],"wp:attachment":[{"href":"https:\/\/www.event-fotos.net\/Wordpress\/wp-json\/wp\/v2\/media?parent=87"}],"wp:term":[{"taxonomy":"category","embeddable":true,"href":"https:\/\/www.event-fotos.net\/Wordpress\/wp-json\/wp\/v2\/categories?post=87"},{"taxonomy":"post_tag","embeddable":true,"href":"https:\/\/www.event-fotos.net\/Wordpress\/wp-json\/wp\/v2\/tags?post=87"}],"curies":[{"name":"wp","href":"https:\/\/api.w.org\/{rel}","templated":true}]}}