{"id":90,"date":"2013-02-13T18:20:24","date_gmt":"2013-02-13T17:20:24","guid":{"rendered":"http:\/\/www.event-fotos.net\/Wordpress\/?p=90"},"modified":"2025-07-27T14:58:34","modified_gmt":"2025-07-27T12:58:34","slug":"13-02-2013-promotiontour-dj-oetzi-kassel","status":"publish","type":"post","link":"https:\/\/www.event-fotos.net\/Wordpress\/13-02-2013-promotiontour-dj-oetzi-kassel","title":{"rendered":"Promotiontour DJ \u00d6tzi"},"content":{"rendered":"<div class=\"wp-block-image\">\n<figure class=\"aligncenter\"><a href=\"https:\/\/www.event-fotos.net\/Wordpress\/pgc_simply_gallery\/dj-oetzi-promo-tour-kassel-2013\" target=\"_blank\" rel=\"noreferrer noopener\"><img loading=\"lazy\" decoding=\"async\" width=\"190\" height=\"300\" src=\"https:\/\/www.event-fotos.net\/Wordpress\/wp-content\/uploads\/2013\/08\/14-190x300.jpg\" alt=\"14\" class=\"wp-image-91\" srcset=\"https:\/\/www.event-fotos.net\/Wordpress\/wp-content\/uploads\/2013\/08\/14-190x300.jpg 190w, https:\/\/www.event-fotos.net\/Wordpress\/wp-content\/uploads\/2013\/08\/14.jpg 509w\" sizes=\"auto, (max-width: 190px) 100vw, 190px\" \/><\/a><\/figure>\n<\/div>\n\n\n<p class=\"has-text-align-center\"><strong><a href=\"https:\/\/www.event-fotos.net\/Wordpress\/pgc_simply_gallery\/dj-oetzi-promo-tour-kassel-2013\" target=\"_blank\" rel=\"noreferrer noopener\">(Zur Galerie bitte aufs Bild klicken)<\/a><\/strong><\/p>\n\n\n\n<p>Kassel, 13.02.2013<\/p>\n\n\n\n<p>Im Kasseler Shopping-Center &#8222;City-Point&#8220; trat der \u00f6sterreichische Schlagers\u00e4nger und Entertainer DJ \u00d6tzi auf und performte live einige seiner Lieder. Nachdem er seine neue CD &#8222;Es ist Zeit&#8220; vorgestellt hat, gab er im Anschluss noch eine Autogrammstunde.<\/p>\n\n\n\n<p><\/p>\n","protected":false},"excerpt":{"rendered":"<p>(Zur Galerie bitte aufs Bild klicken) Kassel, 13.02.2013 Im Kasseler Shopping-Center &#8222;City-Point&#8220; trat der \u00f6sterreichische Schlagers\u00e4nger und Entertainer DJ \u00d6tzi auf und performte live einige seiner Lieder. Nachdem er seine neue CD &#8222;Es ist Zeit&#8220; vorgestellt hat, gab er im Anschluss noch eine Autogrammstunde.<\/p>\n","protected":false},"author":1,"featured_media":0,"comment_status":"closed","ping_status":"open","sticky":false,"template":"","format":"standard","meta":{"_monsterinsights_skip_tracking":false,"_monsterinsights_sitenote_active":false,"_monsterinsights_sitenote_note":"","_monsterinsights_sitenote_category":0,"pgc_sgb_lightbox_settings":"","footnotes":""},"categories":[4],"tags":[],"class_list":["post-90","post","type-post","status-publish","format-standard","hentry","category-konzerte-kabarett"],"_links":{"self":[{"href":"https:\/\/www.event-fotos.net\/Wordpress\/wp-json\/wp\/v2\/posts\/90","targetHints":{"allow":["GET"]}}],"collection":[{"href":"https:\/\/www.event-fotos.net\/Wordpress\/wp-json\/wp\/v2\/posts"}],"about":[{"href":"https:\/\/www.event-fotos.net\/Wordpress\/wp-json\/wp\/v2\/types\/post"}],"author":[{"embeddable":true,"href":"https:\/\/www.event-fotos.net\/Wordpress\/wp-json\/wp\/v2\/users\/1"}],"replies":[{"embeddable":true,"href":"https:\/\/www.event-fotos.net\/Wordpress\/wp-json\/wp\/v2\/comments?post=90"}],"version-history":[{"count":7,"href":"https:\/\/www.event-fotos.net\/Wordpress\/wp-json\/wp\/v2\/posts\/90\/revisions"}],"predecessor-version":[{"id":11439,"href":"https:\/\/www.event-fotos.net\/Wordpress\/wp-json\/wp\/v2\/posts\/90\/revisions\/11439"}],"wp:attachment":[{"href":"https:\/\/www.event-fotos.net\/Wordpress\/wp-json\/wp\/v2\/media?parent=90"}],"wp:term":[{"taxonomy":"category","embeddable":true,"href":"https:\/\/www.event-fotos.net\/Wordpress\/wp-json\/wp\/v2\/categories?post=90"},{"taxonomy":"post_tag","embeddable":true,"href":"https:\/\/www.event-fotos.net\/Wordpress\/wp-json\/wp\/v2\/tags?post=90"}],"curies":[{"name":"wp","href":"https:\/\/api.w.org\/{rel}","templated":true}]}}