{"id":946,"date":"2016-02-27T22:20:12","date_gmt":"2016-02-27T21:20:12","guid":{"rendered":"http:\/\/www.event-fotos.net\/Wordpress\/?p=946"},"modified":"2025-07-27T15:00:48","modified_gmt":"2025-07-27T13:00:48","slug":"parkleuchten-2","status":"publish","type":"post","link":"https:\/\/www.event-fotos.net\/Wordpress\/parkleuchten-2","title":{"rendered":"Parkleuchten"},"content":{"rendered":"<div class=\"wp-block-image\">\n<figure class=\"aligncenter\"><a href=\"https:\/\/www.event-fotos.net\/Wordpress\/pgc_simply_gallery\/parkleuchten-essen-2016\" target=\"_blank\" rel=\"attachment wp-att-947 noreferrer noopener\"><img loading=\"lazy\" decoding=\"async\" width=\"300\" height=\"200\" src=\"https:\/\/www.event-fotos.net\/Wordpress\/wp-content\/uploads\/2016\/03\/13-300x200.jpg\" alt=\"13\" class=\"wp-image-947\" srcset=\"https:\/\/www.event-fotos.net\/Wordpress\/wp-content\/uploads\/2016\/03\/13-300x200.jpg 300w, https:\/\/www.event-fotos.net\/Wordpress\/wp-content\/uploads\/2016\/03\/13-768x512.jpg 768w, https:\/\/www.event-fotos.net\/Wordpress\/wp-content\/uploads\/2016\/03\/13.jpg 800w\" sizes=\"auto, (max-width: 300px) 100vw, 300px\" \/><\/a><\/figure>\n<\/div>\n\n\n<p class=\"has-text-align-center\"><strong><a href=\"https:\/\/www.event-fotos.net\/Wordpress\/pgc_simply_gallery\/parkleuchten-essen-2016\" target=\"_blank\" rel=\"noreferrer noopener\">(zur Galerie bitte aufs Bild klicken)<\/a><\/strong><\/p>\n\n\n\n<p>&nbsp;<\/p>\n\n\n\n<p>Essen, 27.02.2016<\/p>\n\n\n\n<p>Im Essener Grugapark lie\u00dfen die Macher von &#8222;World of lights&#8220; auch in diesem Jahr wieder B\u00e4ume, Str\u00e4ucher, Kunstobjekte und Geb\u00e4ude in buntem Licht erstrahlen. Bereits zum 7. Mal macht die illuminierte Veranstaltung Halt im Grugapark und begeistert mit immer wieder neuen Projekten nach wie vor Jung und Alt.<\/p>\n\n\n\n<p><a href=\"https:\/\/www.event-fotos.net\/Wordpress\/galerie\/thumbnails.php?album=159\">Zur Galerie<\/a><\/p>\n","protected":false},"excerpt":{"rendered":"<p>(zur Galerie bitte aufs Bild klicken) &nbsp; Essen, 27.02.2016 Im Essener Grugapark lie\u00dfen die Macher von &#8222;World of lights&#8220; auch in diesem Jahr wieder B\u00e4ume, Str\u00e4ucher, Kunstobjekte und Geb\u00e4ude in buntem Licht erstrahlen. Bereits zum 7. Mal macht die illuminierte Veranstaltung Halt im Grugapark und begeistert mit immer wieder neuen Projekten nach wie vor Jung [&hellip;]<\/p>\n","protected":false},"author":1,"featured_media":0,"comment_status":"closed","ping_status":"open","sticky":false,"template":"","format":"standard","meta":{"_monsterinsights_skip_tracking":false,"_monsterinsights_sitenote_active":false,"_monsterinsights_sitenote_note":"","_monsterinsights_sitenote_category":0,"pgc_sgb_lightbox_settings":"","footnotes":""},"categories":[6],"tags":[],"class_list":["post-946","post","type-post","status-publish","format-standard","hentry","category-kunst-kultur"],"_links":{"self":[{"href":"https:\/\/www.event-fotos.net\/Wordpress\/wp-json\/wp\/v2\/posts\/946","targetHints":{"allow":["GET"]}}],"collection":[{"href":"https:\/\/www.event-fotos.net\/Wordpress\/wp-json\/wp\/v2\/posts"}],"about":[{"href":"https:\/\/www.event-fotos.net\/Wordpress\/wp-json\/wp\/v2\/types\/post"}],"author":[{"embeddable":true,"href":"https:\/\/www.event-fotos.net\/Wordpress\/wp-json\/wp\/v2\/users\/1"}],"replies":[{"embeddable":true,"href":"https:\/\/www.event-fotos.net\/Wordpress\/wp-json\/wp\/v2\/comments?post=946"}],"version-history":[{"count":2,"href":"https:\/\/www.event-fotos.net\/Wordpress\/wp-json\/wp\/v2\/posts\/946\/revisions"}],"predecessor-version":[{"id":9370,"href":"https:\/\/www.event-fotos.net\/Wordpress\/wp-json\/wp\/v2\/posts\/946\/revisions\/9370"}],"wp:attachment":[{"href":"https:\/\/www.event-fotos.net\/Wordpress\/wp-json\/wp\/v2\/media?parent=946"}],"wp:term":[{"taxonomy":"category","embeddable":true,"href":"https:\/\/www.event-fotos.net\/Wordpress\/wp-json\/wp\/v2\/categories?post=946"},{"taxonomy":"post_tag","embeddable":true,"href":"https:\/\/www.event-fotos.net\/Wordpress\/wp-json\/wp\/v2\/tags?post=946"}],"curies":[{"name":"wp","href":"https:\/\/api.w.org\/{rel}","templated":true}]}}